{"id":1956,"date":"2022-08-05T23:55:02","date_gmt":"2022-08-05T21:55:02","guid":{"rendered":"https:\/\/www.koelner-glasperlenwerkstatt.de\/blog\/?p=1956"},"modified":"2022-08-05T23:56:36","modified_gmt":"2022-08-05T21:56:36","slug":"neu-ab-sofort-stehen-vier-arbeitsplaetze-zur-verfuegung","status":"publish","type":"post","link":"https:\/\/www.koelner-glasperlenwerkstatt.de\/blog\/?p=1956","title":{"rendered":"Neu!                                                                  Ab sofort stehen vier Arbeitspl\u00e4tze f\u00fcr Kurse in meiner Werkstatt zur Verf\u00fcgung."},"content":{"rendered":"\n<p><\/p>\n\n\n\n<p><\/p>\n\n\n\n<p><\/p>\n\n\n\n<p><\/p>\n","protected":false},"excerpt":{"rendered":"","protected":false},"author":1,"featured_media":0,"comment_status":"closed","ping_status":"open","sticky":false,"template":"","format":"standard","meta":[],"categories":[1],"tags":[],"_links":{"self":[{"href":"https:\/\/www.koelner-glasperlenwerkstatt.de\/blog\/index.php?rest_route=\/wp\/v2\/posts\/1956"}],"collection":[{"href":"https:\/\/www.koelner-glasperlenwerkstatt.de\/blog\/index.php?rest_route=\/wp\/v2\/posts"}],"about":[{"href":"https:\/\/www.koelner-glasperlenwerkstatt.de\/blog\/index.php?rest_route=\/wp\/v2\/types\/post"}],"author":[{"embeddable":true,"href":"https:\/\/www.koelner-glasperlenwerkstatt.de\/blog\/index.php?rest_route=\/wp\/v2\/users\/1"}],"replies":[{"embeddable":true,"href":"https:\/\/www.koelner-glasperlenwerkstatt.de\/blog\/index.php?rest_route=%2Fwp%2Fv2%2Fcomments&post=1956"}],"version-history":[{"count":3,"href":"https:\/\/www.koelner-glasperlenwerkstatt.de\/blog\/index.php?rest_route=\/wp\/v2\/posts\/1956\/revisions"}],"predecessor-version":[{"id":1959,"href":"https:\/\/www.koelner-glasperlenwerkstatt.de\/blog\/index.php?rest_route=\/wp\/v2\/posts\/1956\/revisions\/1959"}],"wp:attachment":[{"href":"https:\/\/www.koelner-glasperlenwerkstatt.de\/blog\/index.php?rest_route=%2Fwp%2Fv2%2Fmedia&parent=1956"}],"wp:term":[{"taxonomy":"category","embeddable":true,"href":"https:\/\/www.koelner-glasperlenwerkstatt.de\/blog\/index.php?rest_route=%2Fwp%2Fv2%2Fcategories&post=1956"},{"taxonomy":"post_tag","embeddable":true,"href":"https:\/\/www.koelner-glasperlenwerkstatt.de\/blog\/index.php?rest_route=%2Fwp%2Fv2%2Ftags&post=1956"}],"curies":[{"name":"wp","href":"https:\/\/api.w.org\/{rel}","templated":true}]}}