{"id":1729,"date":"2020-01-13T17:32:56","date_gmt":"2020-01-13T15:32:56","guid":{"rendered":"http:\/\/www.koelner-glasperlenwerkstatt.de\/blog\/?p=1729"},"modified":"2022-08-14T12:47:18","modified_gmt":"2022-08-14T10:47:18","slug":"2014-2019-habe-ich-angela-liane-wagner-glasperlen-fuer-die-sanierung-des-bodens-in-der-muschelkapelle-in-bruehl-hergestellt","status":"publish","type":"post","link":"https:\/\/www.koelner-glasperlenwerkstatt.de\/blog\/?p=1729","title":{"rendered":"Von 2014 bis 2019 hatte ich die Aufgabe Glasperlen,  f\u00fcr die Sanierung des Bodens  in der Muschelkapelle in Br\u00fchl, herzustellen."},"content":{"rendered":"\n<p><\/p>\n\n\n\n<p><\/p>\n\n\n\n<p><\/p>\n\n\n\n<p> Seit 2014 bis 2019 habe ich an der Glas- und Glasperlenherstellung f\u00fcr die Sanierung des Bodens der barocken Muschelkapelle von 1740 n.Chr. in Br\u00fchl an Schlo\u00df Falkenlust gearbeitet.  \u00dcber meine aufwendige Arbeit berichte ich hier demn\u00e4chst mehr.<\/p>\n\n\n\n<p><\/p>\n\n\n\n<p><\/p>\n\n\n\n<figure class=\"wp-block-image\"><img loading=\"lazy\" width=\"575\" height=\"1024\" src=\"http:\/\/www.koelner-glasperlenwerkstatt.de\/blog\/wp-content\/uploads\/Muschelkapelle-Br\u00fchl-von-1740-038-Kopie-575x1024.jpg\" alt=\"\" class=\"wp-image-1772\" srcset=\"https:\/\/www.koelner-glasperlenwerkstatt.de\/blog\/wp-content\/uploads\/Muschelkapelle-Br\u00fchl-von-1740-038-Kopie-575x1024.jpg 575w, https:\/\/www.koelner-glasperlenwerkstatt.de\/blog\/wp-content\/uploads\/Muschelkapelle-Br\u00fchl-von-1740-038-Kopie-168x300.jpg 168w, https:\/\/www.koelner-glasperlenwerkstatt.de\/blog\/wp-content\/uploads\/Muschelkapelle-Br\u00fchl-von-1740-038-Kopie-768x1368.jpg 768w, https:\/\/www.koelner-glasperlenwerkstatt.de\/blog\/wp-content\/uploads\/Muschelkapelle-Br\u00fchl-von-1740-038-Kopie.jpg 1832w\" sizes=\"(max-width: 575px) 100vw, 575px\" \/><\/figure>\n\n\n\n<figure class=\"wp-block-image size-full is-resized\"><a href=\"http:\/\/www.koelner-glasperlenwerkstatt.de\/blog\/wp-content\/uploads\/GKPD7850-1.jpg\"><img loading=\"lazy\" src=\"http:\/\/www.koelner-glasperlenwerkstatt.de\/blog\/wp-content\/uploads\/GKPD7850-1.jpg\" alt=\"\" class=\"wp-image-1989\" width=\"840\" height=\"630\" srcset=\"https:\/\/www.koelner-glasperlenwerkstatt.de\/blog\/wp-content\/uploads\/GKPD7850-1.jpg 1024w, https:\/\/www.koelner-glasperlenwerkstatt.de\/blog\/wp-content\/uploads\/GKPD7850-1-300x225.jpg 300w, https:\/\/www.koelner-glasperlenwerkstatt.de\/blog\/wp-content\/uploads\/GKPD7850-1-768x576.jpg 768w\" sizes=\"(max-width: 840px) 100vw, 840px\" \/><\/a><figcaption>Meine  Herstellung des Glases und die neuen daraus hergestellten Glasperlen, in drei vom Denkmalschutz ausgesuchten Farben, sowie <br> die  von uns aufgearbeiteten Glasperlen von 1740 n.Chr. wurden von den Handwerkern einer Restauratorenwerkstatt verlegt. <\/figcaption><\/figure>\n","protected":false},"excerpt":{"rendered":"<p>Seit 2014 bis 2019 habe ich an der Glas- und Glasperlenherstellung f\u00fcr die Sanierung des Bodens der barocken Muschelkapelle von 1740 n.Chr. in Br\u00fchl an Schlo\u00df Falkenlust gearbeitet. \u00dcber meine aufwendige Arbeit berichte ich hier demn\u00e4chst mehr.<\/p>\n","protected":false},"author":1,"featured_media":0,"comment_status":"closed","ping_status":"open","sticky":false,"template":"","format":"standard","meta":[],"categories":[1],"tags":[],"_links":{"self":[{"href":"https:\/\/www.koelner-glasperlenwerkstatt.de\/blog\/index.php?rest_route=\/wp\/v2\/posts\/1729"}],"collection":[{"href":"https:\/\/www.koelner-glasperlenwerkstatt.de\/blog\/index.php?rest_route=\/wp\/v2\/posts"}],"about":[{"href":"https:\/\/www.koelner-glasperlenwerkstatt.de\/blog\/index.php?rest_route=\/wp\/v2\/types\/post"}],"author":[{"embeddable":true,"href":"https:\/\/www.koelner-glasperlenwerkstatt.de\/blog\/index.php?rest_route=\/wp\/v2\/users\/1"}],"replies":[{"embeddable":true,"href":"https:\/\/www.koelner-glasperlenwerkstatt.de\/blog\/index.php?rest_route=%2Fwp%2Fv2%2Fcomments&post=1729"}],"version-history":[{"count":31,"href":"https:\/\/www.koelner-glasperlenwerkstatt.de\/blog\/index.php?rest_route=\/wp\/v2\/posts\/1729\/revisions"}],"predecessor-version":[{"id":1993,"href":"https:\/\/www.koelner-glasperlenwerkstatt.de\/blog\/index.php?rest_route=\/wp\/v2\/posts\/1729\/revisions\/1993"}],"wp:attachment":[{"href":"https:\/\/www.koelner-glasperlenwerkstatt.de\/blog\/index.php?rest_route=%2Fwp%2Fv2%2Fmedia&parent=1729"}],"wp:term":[{"taxonomy":"category","embeddable":true,"href":"https:\/\/www.koelner-glasperlenwerkstatt.de\/blog\/index.php?rest_route=%2Fwp%2Fv2%2Fcategories&post=1729"},{"taxonomy":"post_tag","embeddable":true,"href":"https:\/\/www.koelner-glasperlenwerkstatt.de\/blog\/index.php?rest_route=%2Fwp%2Fv2%2Ftags&post=1729"}],"curies":[{"name":"wp","href":"https:\/\/api.w.org\/{rel}","templated":true}]}}