{"id":1608,"date":"2018-12-07T16:48:07","date_gmt":"2018-12-07T14:48:07","guid":{"rendered":"http:\/\/www.koelner-glasperlenwerkstatt.de\/blog\/?p=1608"},"modified":"2018-12-10T00:12:19","modified_gmt":"2018-12-09T22:12:19","slug":"wie-doch-die-zeit-vergeht-2004-2019","status":"publish","type":"post","link":"https:\/\/www.koelner-glasperlenwerkstatt.de\/blog\/?p=1608","title":{"rendered":"Wie doch die Zeit vergeht  * 2004 &#8211; 2019 *"},"content":{"rendered":"<p>Begleitend zu meinen Goldschmiedekursen, wurde ich 2002 im Internet auf handgearbeitete Glasperlen aus Deutschland aufmerksam.<\/p>\n<p>&#8222;Wie spannend !&#8220;, dachte ich mir.<\/p>\n<p>&#8222;Glasperlen selber herstellen ?&#8220; Dies kannte ich bislang nur aus Italien, aus Murano.<\/p>\n<p>Meine Neugierde war geweckt, und ich ersteigerte mir ein wundersch\u00f6nes Glasperlenset.<\/p>\n<p>Ich wollte mein Wissen zum Thema &#8222;Glasperlen selber herstellen &#8220; erweitern und entdeckte 2003 das Glasperlenforum.<\/p>\n<p>Dort erhielt ich weitere hilfreiche Tipps dar\u00fcber, wie man Glasperlen selber herstellen kann.<\/p>\n<p>Gleichzeitig bot mir das Glasperlenforum eine Plattform, um mich mit anderen Glasperlenk\u00fcnstlern \u00fcber die Arbeit mit Glas auszutauschen.<\/p>\n<p>Ganz nach dem Motto&#8220;Versuch macht klug!&#8220;, richtete ich mir 2003 einen kleinen Arbeitplatz zu Hause ein und begann meine ersten eigenen Glasperlen\u00a0 am Zweigasbrenner zu wickeln.<\/p>\n<p>2004 entschied ich\u00a0 mich, den gro\u00dfen Schritt in die Selbst\u00e4ndigkeit zu wagen , mein eigenes Unternehmen.<\/p>\n<p>Meine erste Webseite nannte 2004 ich lucky-beads \u00a0 und verkaufte\u00a0 meine Glasperlen\u00a0 \u00fcber eine Internetplattform, sowie in meiner Werkstatt.<\/p>\n<p>Was war ich stolz auf diese Entwicklung, die mein Hobby genommen hatte.<\/p>\n<p>Immer, wenn ich meine allerersten Glasperlen betrachte, denke ich an die Zeit zur\u00fcck, wie alles begonnen hat.<\/p>\n<p>Mit sehr viel \u00dcbung, Kurse bei international anerkannten Glask\u00fcnstlern, Ausdauer, sowie\u00a0 Flei\u00df, habe ich mich kontinuierlich weiter entwickelt.<\/p>\n<p>Neue Techniken, neue Muster, neue Glassorten und neue Inspirationen haben daf\u00fcr gesorgt, das immer mehr Menschen auf meine Glasperlen aufmerksam wurden.<\/p>\n<p>Seit vier Jahren arbeite ich nun an der Restauration eines historischen Bodens. Es ist\u00a0 meiner schwersten und genauesten Glasarbeiten, da ich\u00a0 auch das historische Glas\u00a0 herstelle.<\/p>\n<p>Diese Arbeit w\u00fcrde ich als mein Lebenswerk betiteln, an welcher ich mit sehr viel Herzblut arbeite.<\/p>\n<p>Alleine w\u00e4re diese Arbeit in der K\u00fcrze dieser Zeit nicht zu erledigen gewesen, aber ich habe das gro\u00dfe Gl\u00fcck , zwei wunderbare Mitarbeiter in meinem Team zu haben.<\/p>\n<p>Aufgrund deren Hilfe kann ich mich nun wieder meiner Herzensangelegenheit widmen, welche in den letzten\u00a0 Jahre etwas zu kurz gekommen ist.<\/p>\n<p>Zum 15-j\u00e4hrigen Jubil\u00e4um und als Dank an meine Kunden, biete ich 2019 wieder Glasperlenkurse in meiner Werkstatt\u00a0 an.<\/p>\n<p>Ganz nach dem Motto\u00a0 &#8220; Versuch macht klug&#8220;\u00a0 habe ich die Preisgestaltung an meine Anfangszeit von 2004 angepasst, damit auch Sie die M\u00f6glichkeit nutzen k\u00f6nnen, ihre Liebe\u00a0 f\u00fcr die Glasperlenherstellung zu entdecken.<\/p>\n<p>Ihre<\/p>\n<p><strong>Angela Liane Wagner<\/strong><\/p>\n","protected":false},"excerpt":{"rendered":"<p>Begleitend zu meinen Goldschmiedekursen, wurde ich 2002 im Internet auf handgearbeitete Glasperlen aus Deutschland aufmerksam. &#8222;Wie spannend !&#8220;, dachte ich mir. &#8222;Glasperlen selber herstellen ?&#8220; Dies kannte ich bislang nur aus Italien, aus Murano. Meine Neugierde war geweckt, und ich ersteigerte mir ein wundersch\u00f6nes Glasperlenset. Ich wollte mein Wissen zum Thema &#8222;Glasperlen selber herstellen &#8220; [&hellip;]<\/p>\n","protected":false},"author":1,"featured_media":0,"comment_status":"closed","ping_status":"open","sticky":false,"template":"","format":"standard","meta":[],"categories":[1],"tags":[],"_links":{"self":[{"href":"https:\/\/www.koelner-glasperlenwerkstatt.de\/blog\/index.php?rest_route=\/wp\/v2\/posts\/1608"}],"collection":[{"href":"https:\/\/www.koelner-glasperlenwerkstatt.de\/blog\/index.php?rest_route=\/wp\/v2\/posts"}],"about":[{"href":"https:\/\/www.koelner-glasperlenwerkstatt.de\/blog\/index.php?rest_route=\/wp\/v2\/types\/post"}],"author":[{"embeddable":true,"href":"https:\/\/www.koelner-glasperlenwerkstatt.de\/blog\/index.php?rest_route=\/wp\/v2\/users\/1"}],"replies":[{"embeddable":true,"href":"https:\/\/www.koelner-glasperlenwerkstatt.de\/blog\/index.php?rest_route=%2Fwp%2Fv2%2Fcomments&post=1608"}],"version-history":[{"count":16,"href":"https:\/\/www.koelner-glasperlenwerkstatt.de\/blog\/index.php?rest_route=\/wp\/v2\/posts\/1608\/revisions"}],"predecessor-version":[{"id":1631,"href":"https:\/\/www.koelner-glasperlenwerkstatt.de\/blog\/index.php?rest_route=\/wp\/v2\/posts\/1608\/revisions\/1631"}],"wp:attachment":[{"href":"https:\/\/www.koelner-glasperlenwerkstatt.de\/blog\/index.php?rest_route=%2Fwp%2Fv2%2Fmedia&parent=1608"}],"wp:term":[{"taxonomy":"category","embeddable":true,"href":"https:\/\/www.koelner-glasperlenwerkstatt.de\/blog\/index.php?rest_route=%2Fwp%2Fv2%2Fcategories&post=1608"},{"taxonomy":"post_tag","embeddable":true,"href":"https:\/\/www.koelner-glasperlenwerkstatt.de\/blog\/index.php?rest_route=%2Fwp%2Fv2%2Ftags&post=1608"}],"curies":[{"name":"wp","href":"https:\/\/api.w.org\/{rel}","templated":true}]}}