{"id":1548,"date":"2017-01-22T17:29:20","date_gmt":"2017-01-22T15:29:20","guid":{"rendered":"http:\/\/www.koelner-glasperlenwerkstatt.de\/blog\/?p=1548"},"modified":"2017-01-22T17:29:20","modified_gmt":"2017-01-22T15:29:20","slug":"mou-mocha","status":"publish","type":"post","link":"https:\/\/www.koelner-glasperlenwerkstatt.de\/blog\/?p=1548","title":{"rendered":"Mou-Mocha"},"content":{"rendered":"<p><a href=\"http:\/\/www.koelner-glasperlenwerkstatt.de\/blog\/wp-content\/uploads\/2017-01-22-11.08.46-640x480.jpg\"><img loading=\"lazy\" class=\"aligncenter size-medium wp-image-1551\" src=\"http:\/\/www.koelner-glasperlenwerkstatt.de\/blog\/wp-content\/uploads\/2017-01-22-11.08.46-640x480-300x225.jpg\" alt=\"\" width=\"300\" height=\"225\" srcset=\"https:\/\/www.koelner-glasperlenwerkstatt.de\/blog\/wp-content\/uploads\/2017-01-22-11.08.46-640x480-300x225.jpg 300w, https:\/\/www.koelner-glasperlenwerkstatt.de\/blog\/wp-content\/uploads\/2017-01-22-11.08.46-640x480.jpg 640w\" sizes=\"(max-width: 300px) 100vw, 300px\" \/><\/a> Als diese handgezogenen Glasstangen der Firma Effetre zum ersten Mal auf den Markt kamen, hatten wir zu Hause einen Todesfall.<br \/>\nDaher hatte ich erst jetzt Zeit, mich ausgiebig mit dieser Glasfarbe zu besch\u00e4ftigen. Auf dem Foto seht ihr meine erste Testperle.<a href=\"http:\/\/www.koelner-glasperlenwerkstatt.de\/blog\/wp-content\/uploads\/Mou.jpg\"><img loading=\"lazy\" class=\"aligncenter size-medium wp-image-1550\" src=\"http:\/\/www.koelner-glasperlenwerkstatt.de\/blog\/wp-content\/uploads\/Mou-300x287.jpg\" alt=\"\" width=\"300\" height=\"287\" srcset=\"https:\/\/www.koelner-glasperlenwerkstatt.de\/blog\/wp-content\/uploads\/Mou-300x287.jpg 300w, https:\/\/www.koelner-glasperlenwerkstatt.de\/blog\/wp-content\/uploads\/Mou.jpg 640w\" sizes=\"(max-width: 300px) 100vw, 300px\" \/><\/a><\/p>\n<p>Bei dem Arbeiten mit dem Glas habe ich die Wandlungsf\u00e4higkeit dieser Glassorte bemerkt. Von hellbraun, bis eisig wei\u00df-grau, von tr\u00fcb bis gl\u00e4nzend, von rose-blue bis grau-braun.<br \/>\nDie Vielf\u00e4ltigkeit der Farben bei Mou -Mocha sind schier unersch\u00f6pflich. Mit einem transparenten Glas\u00fcberfang oder auch unter Zusatz von Silber bekommt man wundersch\u00f6ne gr\u00fcn-braune Farbnuancen.<\/p>\n","protected":false},"excerpt":{"rendered":"<p>Als diese handgezogenen Glasstangen der Firma Effetre zum ersten Mal auf den Markt kamen, hatten wir zu Hause einen Todesfall. Daher hatte ich erst jetzt Zeit, mich ausgiebig mit dieser Glasfarbe zu besch\u00e4ftigen. Auf dem Foto seht ihr meine erste Testperle. Bei dem Arbeiten mit dem Glas habe ich die Wandlungsf\u00e4higkeit dieser Glassorte bemerkt. Von [&hellip;]<\/p>\n","protected":false},"author":1,"featured_media":0,"comment_status":"closed","ping_status":"open","sticky":false,"template":"","format":"standard","meta":[],"categories":[1],"tags":[],"_links":{"self":[{"href":"https:\/\/www.koelner-glasperlenwerkstatt.de\/blog\/index.php?rest_route=\/wp\/v2\/posts\/1548"}],"collection":[{"href":"https:\/\/www.koelner-glasperlenwerkstatt.de\/blog\/index.php?rest_route=\/wp\/v2\/posts"}],"about":[{"href":"https:\/\/www.koelner-glasperlenwerkstatt.de\/blog\/index.php?rest_route=\/wp\/v2\/types\/post"}],"author":[{"embeddable":true,"href":"https:\/\/www.koelner-glasperlenwerkstatt.de\/blog\/index.php?rest_route=\/wp\/v2\/users\/1"}],"replies":[{"embeddable":true,"href":"https:\/\/www.koelner-glasperlenwerkstatt.de\/blog\/index.php?rest_route=%2Fwp%2Fv2%2Fcomments&post=1548"}],"version-history":[{"count":2,"href":"https:\/\/www.koelner-glasperlenwerkstatt.de\/blog\/index.php?rest_route=\/wp\/v2\/posts\/1548\/revisions"}],"predecessor-version":[{"id":1552,"href":"https:\/\/www.koelner-glasperlenwerkstatt.de\/blog\/index.php?rest_route=\/wp\/v2\/posts\/1548\/revisions\/1552"}],"wp:attachment":[{"href":"https:\/\/www.koelner-glasperlenwerkstatt.de\/blog\/index.php?rest_route=%2Fwp%2Fv2%2Fmedia&parent=1548"}],"wp:term":[{"taxonomy":"category","embeddable":true,"href":"https:\/\/www.koelner-glasperlenwerkstatt.de\/blog\/index.php?rest_route=%2Fwp%2Fv2%2Fcategories&post=1548"},{"taxonomy":"post_tag","embeddable":true,"href":"https:\/\/www.koelner-glasperlenwerkstatt.de\/blog\/index.php?rest_route=%2Fwp%2Fv2%2Ftags&post=1548"}],"curies":[{"name":"wp","href":"https:\/\/api.w.org\/{rel}","templated":true}]}}